{"id":659,"date":"2019-02-28T12:44:47","date_gmt":"2019-02-28T08:44:47","guid":{"rendered":"https:\/\/www.beyondbodyimage.com\/?p=659"},"modified":"2019-02-28T12:50:40","modified_gmt":"2019-02-28T08:50:40","slug":"poids-et-problemes-de-peau-sont-ils-tous-les-deux-autant-stigmatises","status":"publish","type":"post","link":"https:\/\/www.beyondbodyimage.com\/fr\/accepter-sa-peau\/poids-et-problemes-de-peau-sont-ils-tous-les-deux-autant-stigmatises\/","title":{"rendered":"Poids et probl\u00e8mes de peau : sont-ils tous les deux aussi stigmatis\u00e9s ?"},"content":{"rendered":"<div class=\"wpb-content-wrapper\"><p>[vc_row][vc_column][vc_column_text]<\/p>\n<h4>Tout comme le poids, la discrimination bas\u00e9e sur les probl\u00e8mes de peau est une r\u00e9alit\u00e9. Et elle s\u2019enracine dans notre obsession grandissante avec la notion de sant\u00e9.<\/h4>\n<p>[\/vc_column_text][\/vc_column][\/vc_row][vc_row][vc_column][vc_column_text]En d\u00e9marrant ma pratique de coach et ce blog, les liens entre acn\u00e9 et r\u00e9gimes restrictifs m\u2019ont sembl\u00e9 tout \u00e0 coup \u00e9vidents. En effet, c\u2019est suite \u00e0 des pouss\u00e9es d\u2019acn\u00e9 adulte que je me suis dirig\u00e9e vers un r\u00e9gime tr\u00e8s strict, qui m\u2019a ensuite pr\u00e9cipit\u00e9e vers des troubles du comportement alimentaire, et a donn\u00e9 lieu \u00e0 de nombreuses craintes d\u2019ingr\u00e9dients alimentaires que je jugeais \u2018responsables\u2019 de l\u2019inflammation de ma peau. En r\u00e9alit\u00e9, la situation n\u2019est pas si simple. Souffrir d\u2019acn\u00e9 chronique touche \u00e9galement \u00e0 l\u2019\u00e9quilibre hormonal d\u2019une personne mais aussi au stress ou \u00e0 l\u2019environnement dans lequel elle \u00e9volue, donc cette id\u00e9e de contr\u00f4le du probl\u00e8me simplement via la nourriture est r\u00e9ductrice.<\/p>\n<p>N\u00e9anmoins, au-del\u00e0 de mon cas personnel, les liens entre la stigmatisation du poids et des probl\u00e8mes de peau (quels qu\u2019ils soient\u00a0: acn\u00e9, psoriasis, ecz\u00e9ma, vitiligo ou autres) dans notre soci\u00e9t\u00e9 me sont apparus tout \u00e0 coup de mani\u00e8re beaucoup plus pro\u00e9minente. Il me semblait donc int\u00e9ressant d\u2019y r\u00e9fl\u00e9chir un peu plus, et de vous emmener avec moi dans cette r\u00e9flexion.<\/p>\n<p>Commen\u00e7ons par le commencement\u00a0: que recouvre la stigmatisation du poids ? L\u2019association am\u00e9ricaine des troubles du comportement alimentaire (NEDA) nous fournit cette d\u00e9finition :<\/p>\n<p><em>\u201cLa stigmatisation du poids est une forme de discrimination ou de st\u00e9r\u00e9otype bas\u00e9e sur le poids d\u2019une personne. Cette stigmatisation peut aggraver l\u2019insatisfaction de l\u2019apparence corporelle, un des facteurs de risque pour le d\u00e9veloppement de troubles du comportement alimentaire (TCA). Un autre facteur de risque est de vivre dans une soci\u00e9t\u00e9 ou les normes culturelles id\u00e9alisent la minceur.<\/em><\/p>\n<p><em>Malgr\u00e9 sa pr\u00e9valence, la stigmatisation du poids est dangereuse et peut augmenter les risques de probl\u00e8mes comportementaux et psychologiques, dont la d\u00e9pression, une image corporelle n\u00e9gative ainsi que des \u00e9pisodes de compulsion alimentaire.\u201d[i]<\/em><\/p>\n<p>En partant de cette d\u00e9finition, peut-on donc trouver des parall\u00e8les entre l\u2019impact de probl\u00e8mes de peau (acn\u00e9 ou autres) (en jaune ci-dessous) et du poids (en turquoise) sur la sant\u00e9 physique et psychiques des victimes de ces stigmatisations ?<\/p>\n<ol>\n<li><strong>Les deux stigmatisations m\u00e8nent \u00e0 de la discrimination, de la honte (souvent ressentie publiquement) et \u00e0 l\u2019obtention constante de conseils non sollicit\u00e9s (souvent de la part d&rsquo;inconnus). Une fois internalis\u00e9es, ces \u00e9pisodes engendrent une insatisfaction corporelle et une sensation d\u2019\u00e9chec personnel.<\/strong><\/li>\n<\/ol>\n<p><a href=\"#_ednref1\" name=\"_edn1\"><\/a>[\/vc_column_text][\/vc_column][\/vc_row][vc_row][vc_column width=\u00a0\u00bb1\/2&Prime; css=\u00a0\u00bb.vc_custom_1551339997401{background-color: rgba(170,217,216,0.6) !important;*background-color: rgb(170,217,216) !important;}\u00a0\u00bb][vc_column_text]<\/p>\n<p style=\"text-align: center;\">Poids<\/p>\n<p>D\u00e8s 2001, des chercheurs d\u00e9clarent qu\u2019une stigmatisation constante et une discrimination du poids peut \u00eatre constat\u00e9e dans [au moins] trois situations de vie importantes\u00a0: l\u2019emploi, l\u2019\u00e9ducation et la sante. Et \u00e0 l\u2019\u00e9poque d\u00e9j\u00e0 de nombreuses autres discriminations sont \u00e9galement suspect\u00e9es dans, par exemple, les proc\u00e9dures d\u2019adoption, l\u2019acc\u00e8s au logement etc.[ii] Celles-ci se sont av\u00e9r\u00e9es correctes par la suite.[\/vc_column_text][\/vc_column][vc_column width=\u00a0\u00bb1\/2&Prime; css=\u00a0\u00bb.vc_custom_1551340006636{background-color: rgba(255,235,186,0.6) !important;*background-color: rgb(255,235,186) !important;border-radius: 1px !important;}\u00a0\u00bb][vc_column_text]<\/p>\n<p style=\"text-align: center;\">Probl\u00e8mes de peau<\/p>\n<p>En 2016, une recherche commissionn\u00e9e par la British Skin Foundation d\u00e9couvre que presque 60% des personnes souffrant d\u2019acn\u00e9 ont \u00e9t\u00e9 victimes d\u2019insultes verbales \u00e0 cause de leurs probl\u00e8mes de peau.<\/p>\n<p>&nbsp;<\/p>\n<p>[\/vc_column_text][\/vc_column][\/vc_row][vc_row][vc_column][vc_column_text]<strong>2. Les deux stigmatisations sont ancr\u00e9es dans une culture dont l\u2019obsession sous-jacente avec la sant\u00e9 m\u00e8ne les individus \u00e0 idol\u00e2trer des standards inatteignables de beaut\u00e9 et de minceur. Ces consid\u00e9rations alimentent \u00e0 leur tour des int\u00e9r\u00eats purement capitalistes et commerciaux.<\/strong>[\/vc_column_text][\/vc_column][\/vc_row][vc_row][vc_column width=\u00a0\u00bb1\/2&Prime; css=\u00a0\u00bb.vc_custom_1551340054021{background-color: rgba(170,217,216,0.6) !important;*background-color: rgb(170,217,216) !important;}\u00a0\u00bb][vc_column_text]La stigmatisation du poids apparait dans les soci\u00e9t\u00e9s qui ven\u00e8rent la minceur en l\u2019associant \u00e0 la sant\u00e9 et la moralit\u00e9. Ces soci\u00e9t\u00e9s oppressent les gens non minces dans l\u2019obligation de poursuivre un objectif de perte de poids gr\u00e2ce \u00e0 des r\u00e9gimes restrictifs, dont l\u2019efficacit\u00e9 n\u2019est absolument pas prouv\u00e9e \u00e0 long terme[iii]. Cette stigmatisation nourrit une industrie de la \u2018perte et gestion du poids\u2019 qui devrait atteindre USD 278.95 milliards par an globalement en 2023[iv][\/vc_column_text][\/vc_column][vc_column width=\u00a0\u00bb1\/2&Prime; css=\u00a0\u00bb.vc_custom_1551340150920{background-color: rgba(255,235,186,0.6) !important;*background-color: rgb(255,235,186) !important;}\u00a0\u00bb][vc_column_text]Avec un march\u00e9 mondial des cosm\u00e9tiques en passe d\u2019atteindre USD 863 milliards d\u2019ici 2024[v], la sant\u00e9 et la beaut\u00e9 sont rarement pr\u00e9sent\u00e9es en dehors de l\u2019id\u00e9al (principalement blanc) a la peau parfaite. Les campagnes de marketing ne mettent en sc\u00e8ne que des images outrageusement retouch\u00e9es qui nous familiarisent avec une peau sans aucun pore, ride, d\u00e9coloration ou d\u00e9faut. Ce standard est d\u00e9sormais adopt\u00e9 par les consommateurs eux-m\u00eames, via les filtres et programmes d\u2019\u00e9dition int\u00e9gr\u00e9s aux applications de m\u00e9dias sociaux et aux smartphones. Partant de l\u00e0, se confronter \u00e0 la r\u00e9alit\u00e9 peut susciter une sensation de d\u00e9ception et d\u2019inad\u00e9quation, et fait des individus souffrant de probl\u00e8mes dermatologiques des proies faciles pour l\u2019industrie des cosm\u00e9tiques qui promet des solutions miracle et ajoute toujours plus de produits sur le march\u00e9. Fin 2018, la bloggeuse Em Ford, en partenariat avec Vincent Walsh, Professeur de recherche c\u00e9r\u00e9brale au University College de Londres, a prouv\u00e9 que les \u2018standards [inatteignables] de beaut\u00e9\u2019 mis en avant par l\u2019industrie cosm\u00e9tique ont un impact n\u00e9gatif (associ\u00e9 a un syndrome de stress post-traumatique) sur notre psychologie et notre estime de soi. (Voir la vid\u00e9o compl\u00e8te <a href=\"https:\/\/www.youtube.com\/watch?v=RhDSkljh-es\">ici<\/a>)<\/p>\n<p><a href=\"#_ednref1\" name=\"_edn1\"><\/a>[\/vc_column_text][\/vc_column][\/vc_row][vc_row][vc_column][vc_column_text]<strong>3. Les deux stigmatisations augmentent de mani\u00e8re dangereuse les risques de probl\u00e8mes psycho-comportementaux, comme une image corporelle n\u00e9gative ou de la d\u00e9pression<\/strong>[\/vc_column_text][\/vc_column][\/vc_row][vc_row][vc_column width=\u00a0\u00bb1\/2&Prime; css=\u00a0\u00bb.vc_custom_1551340065949{background-color: rgba(170,217,216,0.6) !important;*background-color: rgb(170,217,216) !important;}\u00a0\u00bb][vc_column_text]Une association positive est av\u00e9r\u00e9e entre la stigmatisation du poids et l\u2019ob\u00e9sit\u00e9, le risque de diab\u00e8te, les niveaux [\u00e9lev\u00e9s] de cortisol et de stress oxydatif, les TCA, l\u2019anxi\u00e9t\u00e9, la d\u00e9pression et une image corporelle et une estime de soi diminu\u00e9es.[vi]<\/p>\n<p><a href=\"#_ednref1\" name=\"_edn1\"><\/a>[\/vc_column_text][\/vc_column][vc_column width=\u00a0\u00bb1\/2&Prime; css=\u00a0\u00bb.vc_custom_1551339710299{background-color: rgba(255,235,186,0.6) !important;*background-color: rgb(255,235,186) !important;}\u00a0\u00bb][vc_column_text]En 2018, des chercheurs confirment que les gens souffrant d\u2019acn\u00e9 avec une stigmatisation \u00e9lev\u00e9e constatent \u00e9galement une qualit\u00e9 de vie amoindrie, des niveaux de stress accrus et d\u2019autres sympt\u00f4mes physiques.[vii] Dans une autre \u00e9tude men\u00e9e aupr\u00e8s d\u2019un million de britanniques pendant 15 ans dans le \u2018Journal anglais de Dermatologie\u2019 en 2018 a conclu que la probabilit\u00e9 de d\u00e9velopper une d\u00e9pression majeure \u00e9tait de 18.5% pour les patients souffrant d\u2019acn\u00e9 contre 12% pour les autres. Le risque le plus \u00e9lev\u00e9 \u00e9tait dans la premi\u00e8re ann\u00e9e d\u2019apparition de l\u2019acn\u00e9, avec une augmentation de probabilit\u00e9 de d\u00e9pression de plus de 63% pour les personnes souffrant d\u2019acn\u00e9.[viii][\/vc_column_text][\/vc_column][\/vc_row][vc_row][vc_column][vc_column_text]Tout cela est assez r\u00e9v\u00e9lateur et inqui\u00e9tant, n\u2019est-ce pas ? Mais dans les deux cas\u00a0: le probl\u00e8me n\u2019est pas vous\u00a0! Vous n\u2019\u00eates pas \u2018bris\u00e9.e.s\u2019 \u00e0 jamais ou incapables de volont\u00e9. Non, le probl\u00e8me est l\u2019environnement socioculturel qui nous parle sans arr\u00eat d\u2019atteindre un objectif de perfection, avec des moyens dont l\u2019efficacit\u00e9 est quasiment nulle. Grace aux activistes anti-grossophobie et body positive (trouvez ces ressources <a href=\"https:\/\/www.beyondbodyimage.com\/references\/?lang=fr\">ici<\/a> en Fran\u00e7ais et <a href=\"https:\/\/www.beyondbodyimage.com\/references\/?lang=fr\">ici<\/a> en Anglais), nous savons qu\u2019il est possible de d\u00e9fier les croyances ancr\u00e9es en nous sur notre poids (ce dernier qui, par ailleurs, ne nous renseigne absolument pas sur la sant\u00e9 ou la moralit\u00e9 de qui que ce soit), pour reprogrammer notre syst\u00e8me de valeurs, et le recentrer sur ce qui compte v\u00e9ritablement : nos qualit\u00e9s et notre personnalit\u00e9 profonde.<\/p>\n<p>De la m\u00eame mani\u00e8re qu\u2019il est possible de se r\u00e9concilier avec son image corporelle \u00e0 tout poids (en lire plus <a href=\"https:\/\/www.beyondbodyimage.com\/apprecier-son-corps\/six-actions-simples-pour-vous-reconcilier-avec-votre-image-corporelle\/?lang=fr\">ici<\/a>), il est possible de s\u2019accepter quel que soit l\u2019\u00e9tat de notre peau, en travaillant sur nos \u00e9motions, nos croyances et nos pens\u00e9es. Je vous propose d\u2019aborder quelques-unes de ces pistes de travail dans un post s\u00e9par\u00e9, \u00e0 d\u00e9couvrir la semaine prochaine. Entretemps n\u2019h\u00e9sitez pas \u00e0 me communiquer vos sentiments par rapport \u00e0\u00a0l\u2019article ci-dessus et \u00e0 suivre les activistes \u2018skin positive\u2019 list\u00e9.e.s <a href=\"https:\/\/www.beyondbodyimage.com\/references\/?lang=fr\">ici<\/a>. Prenez soin de vous et \u00e0 bient\u00f4t\u00a0![\/vc_column_text][\/vc_column][\/vc_row][vc_row][vc_column][vc_column_text][i] https:\/\/www.nationaleatingdisorders.org\/weight-stigma<br \/>\n[ii] Obes Res. 2001 Dec;9(12):788-805. Bias, discrimination, and obesity. Puhl R1, Brownell KD.<br \/>\n[iii] https:\/\/christyharrison.com\/blog\/what-is-diet-culture<br \/>\n[iv] Orbis Media<br \/>\n[v] Zion Market Research<br \/>\n[vi] Impact of weight stigma on physiological and psychological health outcomes for overweight and obese adults: A systematic review, Ya?Ke Wu\u00a0 Diane C. Berry, 23 November 2017<br \/>\n[vii] Stigma predicts health-related quality of life impairment, psychological distress, and somatic symptoms in acne sufferers. Jamie Davern, Aisling T. O\u2019Donnell. Published: September 28, 2018<br \/>\n[viii] Vallerand, Isabelle &amp; Lewinson, Ryan &amp; Parsons, Laurie &amp; Lowerison, Mark &amp; Frolkis, Alex &amp; Kaplan, G.G. &amp; Barnabe, Cheryl &amp; Bulloch, Andrew &amp; Patten, Scott. (2018). Risk of depression among patients with acne in the U.K.: A population-based cohort study. British Journal of Dermatology. 178. 10.1111\/bjd.16099.[\/vc_column_text][\/vc_column][\/vc_row]<\/p>\n<\/div>","protected":false},"excerpt":{"rendered":"<p>En d\u00e9marrant ma pratique de coach et ce blog, les liens entre la stigmatisation du poids et des probl\u00e8mes de peau (quels qu\u2019ils soient\u00a0: acn\u00e9, psoriasis, ecz\u00e9ma, vitiligo ou autres) dans notre soci\u00e9t\u00e9 me sont apparus tout \u00e0 coup de mani\u00e8re beaucoup plus pro\u00e9minente. Il me semblait donc int\u00e9ressant d\u2019y r\u00e9fl\u00e9chir un peu plus, et de vous emmener avec moi dans cette r\u00e9flexion.<\/p>\n","protected":false},"author":2,"featured_media":658,"comment_status":"open","ping_status":"open","sticky":false,"template":"","format":"standard","meta":{"_acf_changed":false,"footnotes":""},"categories":[13],"tags":[49,100,101],"class_list":["post-659","post","type-post","status-publish","format-standard","has-post-thumbnail","hentry","category-accepter-sa-peau","tag-acne-fr","tag-anti-grossophobie","tag-estime-de-soi"],"acf":[],"aioseo_notices":[],"_links":{"self":[{"href":"https:\/\/www.beyondbodyimage.com\/fr\/wp-json\/wp\/v2\/posts\/659","targetHints":{"allow":["GET"]}}],"collection":[{"href":"https:\/\/www.beyondbodyimage.com\/fr\/wp-json\/wp\/v2\/posts"}],"about":[{"href":"https:\/\/www.beyondbodyimage.com\/fr\/wp-json\/wp\/v2\/types\/post"}],"author":[{"embeddable":true,"href":"https:\/\/www.beyondbodyimage.com\/fr\/wp-json\/wp\/v2\/users\/2"}],"replies":[{"embeddable":true,"href":"https:\/\/www.beyondbodyimage.com\/fr\/wp-json\/wp\/v2\/comments?post=659"}],"version-history":[{"count":7,"href":"https:\/\/www.beyondbodyimage.com\/fr\/wp-json\/wp\/v2\/posts\/659\/revisions"}],"predecessor-version":[{"id":668,"href":"https:\/\/www.beyondbodyimage.com\/fr\/wp-json\/wp\/v2\/posts\/659\/revisions\/668"}],"wp:featuredmedia":[{"embeddable":true,"href":"https:\/\/www.beyondbodyimage.com\/fr\/wp-json\/wp\/v2\/media\/658"}],"wp:attachment":[{"href":"https:\/\/www.beyondbodyimage.com\/fr\/wp-json\/wp\/v2\/media?parent=659"}],"wp:term":[{"taxonomy":"category","embeddable":true,"href":"https:\/\/www.beyondbodyimage.com\/fr\/wp-json\/wp\/v2\/categories?post=659"},{"taxonomy":"post_tag","embeddable":true,"href":"https:\/\/www.beyondbodyimage.com\/fr\/wp-json\/wp\/v2\/tags?post=659"}],"curies":[{"name":"wp","href":"https:\/\/api.w.org\/{rel}","templated":true}]}}